{"id":3772,"date":"2018-08-21T11:29:02","date_gmt":"2018-08-21T11:29:02","guid":{"rendered":"https:\/\/activum.es\/?p=3173\/"},"modified":"2021-11-10T18:52:47","modified_gmt":"2021-11-10T18:52:47","slug":"pinar-del-mar-alquiler-en-alicante","status":"publish","type":"post","link":"https:\/\/activum.es\/en\/2018\/08\/21\/pinar-del-mar-alquiler-en-alicante\/","title":{"rendered":"Pinar del Mar: Your rental opportunity in Alicante"},"content":{"rendered":"<p>Actualmente Espa\u00f1a vive uno de los momentos de mayor encarecimiento de los alquileres. Esto ha ocasionado que en algunas ciudades se haya alcanzado niveles por encima de los registrados en los a\u00f1os del boom inmobiliario. El alquiler en Alicante es un ejemplo de ello ya que, el precio medio de un alquiler est\u00e1 por encima de los m\u00e1ximos en la \u00e9poca de crisis.<\/p>\n<p>Todo ello ha ocasionado que, el alquiler en Alicante sea un nuevo boom en el sector. Debido al auge de venta de inmuebles y obras nuevas, el alquiler en la provincia cobra principal protagonismo. El riesgo a meterse en hipotecas, el auge del turismo y la compra de viviendas para el alquiler como inversi\u00f3n, empuja a los m\u00e1s j\u00f3venes y nuevas familias a inclinarse hacia el arrendamiento ya que no disponen de los ahorros necesarios para hacer frente al nuevo mercado de venta inmobiliaria.<\/p>\n<h2>Alquiler en Alicante: Urbanizaci\u00f3n Pinar del Mar<\/h2>\n<p>Por ello, desde Activum queremos ofreceros una buena oportunidad de viviendas en alquiler en Alicante de obra nueva a estrenar con calidades de lujo. Hablamos de la <a href=\"https:\/\/www.idealista.com\/pro\/activum\/inmueble\/81957058\/\" target=\"_blank\" rel=\"noopener noreferrer\">Urbanizaci\u00f3n Pinar del Mar<\/a>, una promoci\u00f3n de viviendas de 2 y 3 dormitorios ubicada en una de las mejores zonas de Alicante. La promoci\u00f3n incluye cocina totalmente equipada apta para poder disfrutar de ella desde el primer momento.<\/p>\n<p><a href=\"https:\/\/www.idealista.com\/pro\/activum\/inmueble\/81957058\/\" target=\"_blank\" rel=\"noopener noreferrer\">Pinar del Mar<\/a> se compone de dos piscinas, infantil y adultos, zona para jacuzzi y sauna, y dos pistas de p\u00e1del y pista polideportiva donde podr\u00e1s ejercitarte. Tambi\u00e9n hay instalaciones para poder disfrutar del ocio como el club social y el club de ni\u00f1os. Todo ello rodeado de amplias zonas verdes.<\/p>\n<p>Estas viviendas destacan por sus impresionantes vistas a Serra Grosa, al mar y al Castillo de Santa B\u00e1rbara. Su ubicaci\u00f3n tambi\u00e9n es un detalle a resaltar ya que la urbanizaci\u00f3n se encuentra muy pr\u00f3xima al Centro Comercial Plaza Mar, colegios y a escasos minutos tanto del centro como de playas y autov\u00edas.<\/p>\n<p>Si lo que buscas es un alquiler en Alicante a buen precio donde disfrutar de sus encantos, \u00a1<a href=\"https:\/\/www.idealista.com\/pro\/activum\/inmueble\/81957058\/\" target=\"_blank\" rel=\"noopener noreferrer\">Pinar del Mar<\/a> es tu opci\u00f3n! Entra <a href=\"https:\/\/www.idealista.com\/pro\/activum\/inmueble\/81957058\/\" target=\"_blank\" rel=\"noopener noreferrer\">here <\/a>e inf\u00f3rmate.<\/p>","protected":false},"excerpt":{"rendered":"<p>Actualmente Espa\u00f1a vive uno de los momentos de mayor encarecimiento de los alquileres. Esto ha ocasionado que en algunas ciudades se haya alcanzado niveles por encima de los registrados en los a\u00f1os del boom inmobiliario. El alquiler en Alicante es un ejemplo de ello ya que, el precio medio de un alquiler est\u00e1 por encima [&hellip;]<\/p>\n","protected":false},"author":4,"featured_media":7019,"comment_status":"closed","ping_status":"closed","sticky":false,"template":"","format":"standard","meta":{"_acf_changed":false,"footnotes":""},"categories":[91,88],"tags":[90,169,170,171,99],"anio":[548],"class_list":["post-3772","post","type-post","status-publish","format-standard","has-post-thumbnail","hentry","category-informes-activum","category-promociones-de-vivienda-es","tag-activum-es","tag-alquiler-en-alicante-es","tag-boom-inmobiliario-es","tag-pinar-del-mar-es","tag-servicios-inmobiliarios-es","anio-548"],"acf":[],"yoast_head":"<!-- This site is optimized with the Yoast SEO plugin v28.3 - https:\/\/yoast.com\/product\/yoast-seo-wordpress\/ -->\n<title>Alquiler en Alicante: Tu oportunidad en la Urbanizaci\u00f3n Pinar del Mar<\/title>\n<meta name=\"description\" content=\"El alquiler en Alicante ha sido un boom. Un ejemplo es Pinar del Mar, una urbanizaci\u00f3n espl\u00e9ndida cerca del mar con calidades de lujo. \u00a1Te la presentamos!\" \/>\n<meta name=\"robots\" content=\"index, follow, max-snippet:-1, max-image-preview:large, max-video-preview:-1\" \/>\n<link rel=\"canonical\" href=\"https:\/\/activum.es\/en\/2018\/08\/21\/pinar-del-mar-alquiler-en-alicante\/\" \/>\n<meta property=\"og:locale\" content=\"en_GB\" \/>\n<meta property=\"og:type\" content=\"article\" \/>\n<meta property=\"og:title\" content=\"Alquiler en Alicante: Tu oportunidad en la Urbanizaci\u00f3n Pinar del Mar\" \/>\n<meta property=\"og:description\" content=\"El alquiler en Alicante ha sido un boom. Un ejemplo es Pinar del Mar, una urbanizaci\u00f3n espl\u00e9ndida cerca del mar con calidades de lujo. \u00a1Te la presentamos!\" \/>\n<meta property=\"og:url\" content=\"https:\/\/activum.es\/en\/2018\/08\/21\/pinar-del-mar-alquiler-en-alicante\/\" \/>\n<meta property=\"og:site_name\" content=\"Activum Real Estate Consulting\" \/>\n<meta property=\"article:publisher\" content=\"https:\/\/www.facebook.com\/activumtucasa\/\" \/>\n<meta property=\"article:published_time\" content=\"2018-08-21T11:29:02+00:00\" \/>\n<meta property=\"article:modified_time\" content=\"2021-11-10T18:52:47+00:00\" \/>\n<meta property=\"og:image\" content=\"https:\/\/activum.es\/wp-content\/uploads\/2018\/08\/pinar.png\" \/>\n\t<meta property=\"og:image:width\" content=\"800\" \/>\n\t<meta property=\"og:image:height\" content=\"600\" \/>\n\t<meta property=\"og:image:type\" content=\"image\/png\" \/>\n<meta name=\"author\" content=\"Equipo Activum\" \/>\n<meta name=\"twitter:card\" content=\"summary_large_image\" \/>\n<meta name=\"twitter:creator\" content=\"@Activum_Inmo\" \/>\n<meta name=\"twitter:site\" content=\"@Activum_Inmo\" \/>\n<meta name=\"twitter:label1\" content=\"Written by\" \/>\n\t<meta name=\"twitter:data1\" content=\"Equipo Activum\" \/>\n\t<meta name=\"twitter:label2\" content=\"Estimated reading time\" \/>\n\t<meta name=\"twitter:data2\" content=\"2 minutes\" \/>\n<script type=\"application\/ld+json\" class=\"yoast-schema-graph\">{\"@context\":\"https:\\\/\\\/schema.org\",\"@graph\":[{\"@type\":\"Article\",\"@id\":\"https:\\\/\\\/activum.es\\\/2018\\\/08\\\/21\\\/pinar-del-mar-alquiler-en-alicante\\\/#article\",\"isPartOf\":{\"@id\":\"https:\\\/\\\/activum.es\\\/2018\\\/08\\\/21\\\/pinar-del-mar-alquiler-en-alicante\\\/\"},\"author\":{\"name\":\"Equipo Activum\",\"@id\":\"https:\\\/\\\/activum.es\\\/#\\\/schema\\\/person\\\/dcca1387404867a6230885a6e7fad749\"},\"headline\":\"Pinar del Mar: Tu oportunidad de alquiler en Alicante\",\"datePublished\":\"2018-08-21T11:29:02+00:00\",\"dateModified\":\"2021-11-10T18:52:47+00:00\",\"mainEntityOfPage\":{\"@id\":\"https:\\\/\\\/activum.es\\\/2018\\\/08\\\/21\\\/pinar-del-mar-alquiler-en-alicante\\\/\"},\"wordCount\":378,\"publisher\":{\"@id\":\"https:\\\/\\\/activum.es\\\/#organization\"},\"image\":{\"@id\":\"https:\\\/\\\/activum.es\\\/2018\\\/08\\\/21\\\/pinar-del-mar-alquiler-en-alicante\\\/#primaryimage\"},\"thumbnailUrl\":\"https:\\\/\\\/activum.es\\\/wp-content\\\/uploads\\\/2018\\\/08\\\/pinar.png\",\"keywords\":[\"activum\",\"alquiler en Alicante\",\"boom inmobiliario\",\"Pinar del Mar\",\"servicios inmobiliarios\"],\"articleSection\":[\"Informes Activum\",\"Promociones de vivienda\"],\"inLanguage\":\"en-GB\"},{\"@type\":\"WebPage\",\"@id\":\"https:\\\/\\\/activum.es\\\/2018\\\/08\\\/21\\\/pinar-del-mar-alquiler-en-alicante\\\/\",\"url\":\"https:\\\/\\\/activum.es\\\/2018\\\/08\\\/21\\\/pinar-del-mar-alquiler-en-alicante\\\/\",\"name\":\"Alquiler en Alicante: Tu oportunidad en la Urbanizaci\u00f3n Pinar del Mar\",\"isPartOf\":{\"@id\":\"https:\\\/\\\/activum.es\\\/#website\"},\"primaryImageOfPage\":{\"@id\":\"https:\\\/\\\/activum.es\\\/2018\\\/08\\\/21\\\/pinar-del-mar-alquiler-en-alicante\\\/#primaryimage\"},\"image\":{\"@id\":\"https:\\\/\\\/activum.es\\\/2018\\\/08\\\/21\\\/pinar-del-mar-alquiler-en-alicante\\\/#primaryimage\"},\"thumbnailUrl\":\"https:\\\/\\\/activum.es\\\/wp-content\\\/uploads\\\/2018\\\/08\\\/pinar.png\",\"datePublished\":\"2018-08-21T11:29:02+00:00\",\"dateModified\":\"2021-11-10T18:52:47+00:00\",\"description\":\"El alquiler en Alicante ha sido un boom. Un ejemplo es Pinar del Mar, una urbanizaci\u00f3n espl\u00e9ndida cerca del mar con calidades de lujo. \u00a1Te la presentamos!\",\"breadcrumb\":{\"@id\":\"https:\\\/\\\/activum.es\\\/2018\\\/08\\\/21\\\/pinar-del-mar-alquiler-en-alicante\\\/#breadcrumb\"},\"inLanguage\":\"en-GB\",\"potentialAction\":[{\"@type\":\"ReadAction\",\"target\":[\"https:\\\/\\\/activum.es\\\/2018\\\/08\\\/21\\\/pinar-del-mar-alquiler-en-alicante\\\/\"]}]},{\"@type\":\"ImageObject\",\"inLanguage\":\"en-GB\",\"@id\":\"https:\\\/\\\/activum.es\\\/2018\\\/08\\\/21\\\/pinar-del-mar-alquiler-en-alicante\\\/#primaryimage\",\"url\":\"https:\\\/\\\/activum.es\\\/wp-content\\\/uploads\\\/2018\\\/08\\\/pinar.png\",\"contentUrl\":\"https:\\\/\\\/activum.es\\\/wp-content\\\/uploads\\\/2018\\\/08\\\/pinar.png\",\"width\":800,\"height\":600},{\"@type\":\"BreadcrumbList\",\"@id\":\"https:\\\/\\\/activum.es\\\/2018\\\/08\\\/21\\\/pinar-del-mar-alquiler-en-alicante\\\/#breadcrumb\",\"itemListElement\":[{\"@type\":\"ListItem\",\"position\":1,\"name\":\"Portada\",\"item\":\"https:\\\/\\\/activum.es\\\/\"},{\"@type\":\"ListItem\",\"position\":2,\"name\":\"Pinar del Mar: Tu oportunidad de alquiler en Alicante\"}]},{\"@type\":\"WebSite\",\"@id\":\"https:\\\/\\\/activum.es\\\/#website\",\"url\":\"https:\\\/\\\/activum.es\\\/\",\"name\":\"Activum Real Estate Consulting\",\"description\":\"Servicios Inmobiliarios\",\"publisher\":{\"@id\":\"https:\\\/\\\/activum.es\\\/#organization\"},\"alternateName\":\"Activum Real Estate\",\"potentialAction\":[{\"@type\":\"SearchAction\",\"target\":{\"@type\":\"EntryPoint\",\"urlTemplate\":\"https:\\\/\\\/activum.es\\\/?s={search_term_string}\"},\"query-input\":{\"@type\":\"PropertyValueSpecification\",\"valueRequired\":true,\"valueName\":\"search_term_string\"}}],\"inLanguage\":\"en-GB\"},{\"@type\":\"Organization\",\"@id\":\"https:\\\/\\\/activum.es\\\/#organization\",\"name\":\"Activum Real Estate Consulting\",\"alternateName\":\"Activum Real Estate\",\"url\":\"https:\\\/\\\/activum.es\\\/\",\"logo\":{\"@type\":\"ImageObject\",\"inLanguage\":\"en-GB\",\"@id\":\"https:\\\/\\\/activum.es\\\/#\\\/schema\\\/logo\\\/image\\\/\",\"url\":\"https:\\\/\\\/activum.es\\\/wp-content\\\/uploads\\\/2025\\\/04\\\/activum-logo-positve.png\",\"contentUrl\":\"https:\\\/\\\/activum.es\\\/wp-content\\\/uploads\\\/2025\\\/04\\\/activum-logo-positve.png\",\"width\":1464,\"height\":1357,\"caption\":\"Activum Real Estate Consulting\"},\"image\":{\"@id\":\"https:\\\/\\\/activum.es\\\/#\\\/schema\\\/logo\\\/image\\\/\"},\"sameAs\":[\"https:\\\/\\\/www.facebook.com\\\/activumtucasa\\\/\",\"https:\\\/\\\/x.com\\\/Activum_Inmo\",\"https:\\\/\\\/www.instagram.com\\\/activum_?igsh=MTZld3pvdDJscDBwag==\",\"https:\\\/\\\/www.tiktok.com\\\/@activum_\"]},{\"@type\":\"Person\",\"@id\":\"https:\\\/\\\/activum.es\\\/#\\\/schema\\\/person\\\/dcca1387404867a6230885a6e7fad749\",\"name\":\"Equipo Activum\",\"image\":{\"@type\":\"ImageObject\",\"inLanguage\":\"en-GB\",\"@id\":\"https:\\\/\\\/secure.gravatar.com\\\/avatar\\\/5e496d32b3578393b9e3a3a4406b5ea4c7b71f9023107001fa48687510c20a29?s=96&d=mm&r=g\",\"url\":\"https:\\\/\\\/secure.gravatar.com\\\/avatar\\\/5e496d32b3578393b9e3a3a4406b5ea4c7b71f9023107001fa48687510c20a29?s=96&d=mm&r=g\",\"contentUrl\":\"https:\\\/\\\/secure.gravatar.com\\\/avatar\\\/5e496d32b3578393b9e3a3a4406b5ea4c7b71f9023107001fa48687510c20a29?s=96&d=mm&r=g\",\"caption\":\"Equipo Activum\"}}]}<\/script>\n<!-- \/ Yoast SEO plugin. -->","yoast_head_json":{"title":"Alquiler en Alicante: Tu oportunidad en la Urbanizaci\u00f3n Pinar del Mar","description":"El alquiler en Alicante ha sido un boom. Un ejemplo es Pinar del Mar, una urbanizaci\u00f3n espl\u00e9ndida cerca del mar con calidades de lujo. \u00a1Te la presentamos!","robots":{"index":"index","follow":"follow","max-snippet":"max-snippet:-1","max-image-preview":"max-image-preview:large","max-video-preview":"max-video-preview:-1"},"canonical":"https:\/\/activum.es\/en\/2018\/08\/21\/pinar-del-mar-alquiler-en-alicante\/","og_locale":"en_GB","og_type":"article","og_title":"Alquiler en Alicante: Tu oportunidad en la Urbanizaci\u00f3n Pinar del Mar","og_description":"El alquiler en Alicante ha sido un boom. Un ejemplo es Pinar del Mar, una urbanizaci\u00f3n espl\u00e9ndida cerca del mar con calidades de lujo. \u00a1Te la presentamos!","og_url":"https:\/\/activum.es\/en\/2018\/08\/21\/pinar-del-mar-alquiler-en-alicante\/","og_site_name":"Activum Real Estate Consulting","article_publisher":"https:\/\/www.facebook.com\/activumtucasa\/","article_published_time":"2018-08-21T11:29:02+00:00","article_modified_time":"2021-11-10T18:52:47+00:00","og_image":[{"width":800,"height":600,"url":"https:\/\/activum.es\/wp-content\/uploads\/2018\/08\/pinar.png","type":"image\/png"}],"author":"Equipo Activum","twitter_card":"summary_large_image","twitter_creator":"@Activum_Inmo","twitter_site":"@Activum_Inmo","twitter_misc":{"Written by":"Equipo Activum","Estimated reading time":"2 minutes"},"schema":{"@context":"https:\/\/schema.org","@graph":[{"@type":"Article","@id":"https:\/\/activum.es\/2018\/08\/21\/pinar-del-mar-alquiler-en-alicante\/#article","isPartOf":{"@id":"https:\/\/activum.es\/2018\/08\/21\/pinar-del-mar-alquiler-en-alicante\/"},"author":{"name":"Equipo Activum","@id":"https:\/\/activum.es\/#\/schema\/person\/dcca1387404867a6230885a6e7fad749"},"headline":"Pinar del Mar: Tu oportunidad de alquiler en Alicante","datePublished":"2018-08-21T11:29:02+00:00","dateModified":"2021-11-10T18:52:47+00:00","mainEntityOfPage":{"@id":"https:\/\/activum.es\/2018\/08\/21\/pinar-del-mar-alquiler-en-alicante\/"},"wordCount":378,"publisher":{"@id":"https:\/\/activum.es\/#organization"},"image":{"@id":"https:\/\/activum.es\/2018\/08\/21\/pinar-del-mar-alquiler-en-alicante\/#primaryimage"},"thumbnailUrl":"https:\/\/activum.es\/wp-content\/uploads\/2018\/08\/pinar.png","keywords":["activum","alquiler en Alicante","boom inmobiliario","Pinar del Mar","servicios inmobiliarios"],"articleSection":["Informes Activum","Promociones de vivienda"],"inLanguage":"en-GB"},{"@type":"WebPage","@id":"https:\/\/activum.es\/2018\/08\/21\/pinar-del-mar-alquiler-en-alicante\/","url":"https:\/\/activum.es\/2018\/08\/21\/pinar-del-mar-alquiler-en-alicante\/","name":"Alquiler en Alicante: Tu oportunidad en la Urbanizaci\u00f3n Pinar del Mar","isPartOf":{"@id":"https:\/\/activum.es\/#website"},"primaryImageOfPage":{"@id":"https:\/\/activum.es\/2018\/08\/21\/pinar-del-mar-alquiler-en-alicante\/#primaryimage"},"image":{"@id":"https:\/\/activum.es\/2018\/08\/21\/pinar-del-mar-alquiler-en-alicante\/#primaryimage"},"thumbnailUrl":"https:\/\/activum.es\/wp-content\/uploads\/2018\/08\/pinar.png","datePublished":"2018-08-21T11:29:02+00:00","dateModified":"2021-11-10T18:52:47+00:00","description":"El alquiler en Alicante ha sido un boom. Un ejemplo es Pinar del Mar, una urbanizaci\u00f3n espl\u00e9ndida cerca del mar con calidades de lujo. \u00a1Te la presentamos!","breadcrumb":{"@id":"https:\/\/activum.es\/2018\/08\/21\/pinar-del-mar-alquiler-en-alicante\/#breadcrumb"},"inLanguage":"en-GB","potentialAction":[{"@type":"ReadAction","target":["https:\/\/activum.es\/2018\/08\/21\/pinar-del-mar-alquiler-en-alicante\/"]}]},{"@type":"ImageObject","inLanguage":"en-GB","@id":"https:\/\/activum.es\/2018\/08\/21\/pinar-del-mar-alquiler-en-alicante\/#primaryimage","url":"https:\/\/activum.es\/wp-content\/uploads\/2018\/08\/pinar.png","contentUrl":"https:\/\/activum.es\/wp-content\/uploads\/2018\/08\/pinar.png","width":800,"height":600},{"@type":"BreadcrumbList","@id":"https:\/\/activum.es\/2018\/08\/21\/pinar-del-mar-alquiler-en-alicante\/#breadcrumb","itemListElement":[{"@type":"ListItem","position":1,"name":"Portada","item":"https:\/\/activum.es\/"},{"@type":"ListItem","position":2,"name":"Pinar del Mar: Tu oportunidad de alquiler en Alicante"}]},{"@type":"WebSite","@id":"https:\/\/activum.es\/#website","url":"https:\/\/activum.es\/","name":"Activum Real Estate Consulting","description":"Servicios Inmobiliarios","publisher":{"@id":"https:\/\/activum.es\/#organization"},"alternateName":"Activum Real Estate","potentialAction":[{"@type":"SearchAction","target":{"@type":"EntryPoint","urlTemplate":"https:\/\/activum.es\/?s={search_term_string}"},"query-input":{"@type":"PropertyValueSpecification","valueRequired":true,"valueName":"search_term_string"}}],"inLanguage":"en-GB"},{"@type":"Organization","@id":"https:\/\/activum.es\/#organization","name":"Activum Real Estate Consulting","alternateName":"Activum Real Estate","url":"https:\/\/activum.es\/","logo":{"@type":"ImageObject","inLanguage":"en-GB","@id":"https:\/\/activum.es\/#\/schema\/logo\/image\/","url":"https:\/\/activum.es\/wp-content\/uploads\/2025\/04\/activum-logo-positve.png","contentUrl":"https:\/\/activum.es\/wp-content\/uploads\/2025\/04\/activum-logo-positve.png","width":1464,"height":1357,"caption":"Activum Real Estate Consulting"},"image":{"@id":"https:\/\/activum.es\/#\/schema\/logo\/image\/"},"sameAs":["https:\/\/www.facebook.com\/activumtucasa\/","https:\/\/x.com\/Activum_Inmo","https:\/\/www.instagram.com\/activum_?igsh=MTZld3pvdDJscDBwag==","https:\/\/www.tiktok.com\/@activum_"]},{"@type":"Person","@id":"https:\/\/activum.es\/#\/schema\/person\/dcca1387404867a6230885a6e7fad749","name":"Activum Team","image":{"@type":"ImageObject","inLanguage":"en-GB","@id":"https:\/\/secure.gravatar.com\/avatar\/5e496d32b3578393b9e3a3a4406b5ea4c7b71f9023107001fa48687510c20a29?s=96&d=mm&r=g","url":"https:\/\/secure.gravatar.com\/avatar\/5e496d32b3578393b9e3a3a4406b5ea4c7b71f9023107001fa48687510c20a29?s=96&d=mm&r=g","contentUrl":"https:\/\/secure.gravatar.com\/avatar\/5e496d32b3578393b9e3a3a4406b5ea4c7b71f9023107001fa48687510c20a29?s=96&d=mm&r=g","caption":"Equipo Activum"}}]}},"_links":{"self":[{"href":"https:\/\/activum.es\/en\/wp-json\/wp\/v2\/posts\/3772","targetHints":{"allow":["GET"]}}],"collection":[{"href":"https:\/\/activum.es\/en\/wp-json\/wp\/v2\/posts"}],"about":[{"href":"https:\/\/activum.es\/en\/wp-json\/wp\/v2\/types\/post"}],"author":[{"embeddable":true,"href":"https:\/\/activum.es\/en\/wp-json\/wp\/v2\/users\/4"}],"replies":[{"embeddable":true,"href":"https:\/\/activum.es\/en\/wp-json\/wp\/v2\/comments?post=3772"}],"version-history":[{"count":0,"href":"https:\/\/activum.es\/en\/wp-json\/wp\/v2\/posts\/3772\/revisions"}],"wp:featuredmedia":[{"embeddable":true,"href":"https:\/\/activum.es\/en\/wp-json\/wp\/v2\/media\/7019"}],"wp:attachment":[{"href":"https:\/\/activum.es\/en\/wp-json\/wp\/v2\/media?parent=3772"}],"wp:term":[{"taxonomy":"category","embeddable":true,"href":"https:\/\/activum.es\/en\/wp-json\/wp\/v2\/categories?post=3772"},{"taxonomy":"post_tag","embeddable":true,"href":"https:\/\/activum.es\/en\/wp-json\/wp\/v2\/tags?post=3772"},{"taxonomy":"anio","embeddable":true,"href":"https:\/\/activum.es\/en\/wp-json\/wp\/v2\/anio?post=3772"}],"curies":[{"name":"wp","href":"https:\/\/api.w.org\/{rel}","templated":true}]}}