{"id":6083,"date":"2019-03-19T14:32:41","date_gmt":"2019-03-19T14:32:41","guid":{"rendered":"https:\/\/activum.es\/?p=4520"},"modified":"2021-10-24T21:19:37","modified_gmt":"2021-10-24T21:19:37","slug":"precios-de-la-vivienda-en-espana","status":"publish","type":"post","link":"https:\/\/activum.es\/en\/2019\/03\/19\/precios-de-la-vivienda-en-espana\/","title":{"rendered":"House prices in Spain"},"content":{"rendered":"<p>House prices in Spain&nbsp;<a href=\"https:\/\/elpais.com\/economia\/2018\/08\/29\/actualidad\/1535560334_226670.html\">added their fifth year of consecutive growth in 2018<\/a>&nbsp;and is expected to continue to grow. It is considered to be the year of consolidation of the sector, while 2019 is expected to be the year of maturity of the market. With this, it is expected to consolidate and slightly improve the figures of the new construction development business, leading to an increase in prices. All this is a consequence of the growth of the Euro zone, the monetary policy and the expectations of improvement in the labour market, which means that we are in an expansive cycle for the sector. To this theoretical framework, we must add the lack of land, especially in key areas with high demand, which will be an incentive for the increase in the price of new construction.<\/p>\n<p>From <a href=\"\/en\/activum.es\/\">Activum<\/a> we offer you a great opportunity to get a new home at a good price compared to the sometimes exorbitant prices of housing in Spain. We have a portfolio of more than 1000 second hand properties under 50.000\u20ac, ideal to reform them to your taste and create your dream home.<\/p>\n<p>Here are some examples of how to turn an old house into a brand new modern home. To do this, we propose some ideas for decoration:<\/p>\n<ol>\n<li>One of the keys to gaining space lies in open-plan living. A house without partitions that combines living room, dining room and kitchen can be an option to make the most of the space. If you want to create different rooms without the need to build partitions, you can use different materials such as glass or furniture to create different spaces.<\/li>\n<\/ol>\n<ol start=\"2\">\n<li>The use of made-to-measure furniture helps you to save space. When carrying out a renovation, look for what you need to make the most of centimetres. It is very important both in the kitchen and in the dining room to be practical with the furniture.<\/li>\n<\/ol>\n<ol start=\"3\">\n<li>Complete your decoration with convertible furniture that hides a variety of utilities that make the most of the space: folding or folding tables, sofa beds, coffee tables with different possibilities, etc.<\/li>\n<\/ol>\n<p>We can see how well-decorated and practical spaces have little to envy to newly built houses. The trick is that the rooms follow one another in an aesthetically pleasing way.<\/p>\n<p>We invite you to combat housing prices in Spain and find out about our new housing campaign.<a href=\"http:\/\/www.inmoactivum.es\/\"> Inmoactivum<\/a>Second hand flats for less than 50.000\u20ac in Catalonia, Levante, Murcia, Andalusia and Balearic Islands. We have a wide variety of types of properties and we have properties from 1 to 4 bedrooms.<\/p>\n<p>Also, take advantage of our Friend Plan until 13 May: if you buy an Inmoactivum property, if you bring a friend and they also buy, you both get a bonus of 500\u20ac each.<\/p>\n<p>What are you waiting for to get to know your new home?<\/p>","protected":false},"excerpt":{"rendered":"<p>Los precios de la vivienda en Espa\u00f1a&nbsp;sumaron en 2018 su quinto a\u00f1o de crecimiento consecutivo&nbsp;y la previsi\u00f3n es que contin\u00fae creciendo. Se considera el a\u00f1o de la consolidaci\u00f3n del sector, mientras que para 2019 se prev\u00e9 que sea el a\u00f1o de la madurez del mercado. Con esto, se espera consolidar y mejorar ligeramente las cifras [&hellip;]<\/p>\n","protected":false},"author":8,"featured_media":6997,"comment_status":"closed","ping_status":"closed","sticky":false,"template":"","format":"standard","meta":{"_acf_changed":false,"footnotes":""},"categories":[131,91],"tags":[221,222,223,224,225,84,226,227],"anio":[547],"class_list":["post-6083","post","type-post","status-publish","format-standard","has-post-thumbnail","hentry","category-consejos-inmobiliarios-es","category-informes-activum","tag-consejos-de-decoracion-es","tag-decoracion-es","tag-inmoactivum-es","tag-pisos-reformados-es","tag-reforma-es","tag-vivienda-es","tag-viviendas-de-segunda-mano-es","tag-viviendas-economicas-es","anio-547"],"acf":[],"yoast_head":"<!-- This site is optimized with the Yoast SEO plugin v28.3 - https:\/\/yoast.com\/product\/yoast-seo-wordpress\/ -->\n<title>Los precios de la vivienda en Espa\u00f1a vs Viviendas a menos de 50.000\u20ac<\/title>\n<meta name=\"description\" content=\"Frente a la situaci\u00f3n de los precios de la vivienda en Espa\u00f1a desde Activum os ofrecemos una gran cartera de inmuebles a menos de 50.000\u20ac.\" \/>\n<meta name=\"robots\" content=\"index, follow, max-snippet:-1, max-image-preview:large, max-video-preview:-1\" \/>\n<link rel=\"canonical\" href=\"https:\/\/activum.es\/en\/2019\/03\/19\/precios-de-la-vivienda-en-espana\/\" \/>\n<meta property=\"og:locale\" content=\"en_GB\" \/>\n<meta property=\"og:type\" content=\"article\" \/>\n<meta property=\"og:title\" content=\"Los precios de la vivienda en Espa\u00f1a vs Viviendas a menos de 50.000\u20ac\" \/>\n<meta property=\"og:description\" content=\"Frente a la situaci\u00f3n de los precios de la vivienda en Espa\u00f1a desde Activum os ofrecemos una gran cartera de inmuebles a menos de 50.000\u20ac.\" \/>\n<meta property=\"og:url\" content=\"https:\/\/activum.es\/en\/2019\/03\/19\/precios-de-la-vivienda-en-espana\/\" \/>\n<meta property=\"og:site_name\" content=\"Activum Real Estate Consulting\" \/>\n<meta property=\"article:publisher\" content=\"https:\/\/www.facebook.com\/activumtucasa\/\" \/>\n<meta property=\"article:published_time\" content=\"2019-03-19T14:32:41+00:00\" \/>\n<meta property=\"article:modified_time\" content=\"2021-10-24T21:19:37+00:00\" \/>\n<meta property=\"og:image\" content=\"https:\/\/activum.es\/wp-content\/uploads\/2019\/03\/precios.png\" \/>\n\t<meta property=\"og:image:width\" content=\"800\" \/>\n\t<meta property=\"og:image:height\" content=\"600\" \/>\n\t<meta property=\"og:image:type\" content=\"image\/png\" \/>\n<meta name=\"author\" content=\"Equipo Activum\" \/>\n<meta name=\"twitter:card\" content=\"summary_large_image\" \/>\n<meta name=\"twitter:creator\" content=\"@Activum_Inmo\" \/>\n<meta name=\"twitter:site\" content=\"@Activum_Inmo\" \/>\n<meta name=\"twitter:label1\" content=\"Written by\" \/>\n\t<meta name=\"twitter:data1\" content=\"Equipo Activum\" \/>\n\t<meta name=\"twitter:label2\" content=\"Estimated reading time\" \/>\n\t<meta name=\"twitter:data2\" content=\"2 minutes\" \/>\n<script type=\"application\/ld+json\" class=\"yoast-schema-graph\">{\"@context\":\"https:\\\/\\\/schema.org\",\"@graph\":[{\"@type\":\"Article\",\"@id\":\"https:\\\/\\\/activum.es\\\/2019\\\/03\\\/19\\\/precios-de-la-vivienda-en-espana\\\/#article\",\"isPartOf\":{\"@id\":\"https:\\\/\\\/activum.es\\\/2019\\\/03\\\/19\\\/precios-de-la-vivienda-en-espana\\\/\"},\"author\":{\"name\":\"Equipo Activum\",\"@id\":\"https:\\\/\\\/activum.es\\\/#\\\/schema\\\/person\\\/ef5bcc9bb322a100368c8f5fbb7f72d9\"},\"headline\":\"Precios de la vivienda en Espa\u00f1a\",\"datePublished\":\"2019-03-19T14:32:41+00:00\",\"dateModified\":\"2021-10-24T21:19:37+00:00\",\"mainEntityOfPage\":{\"@id\":\"https:\\\/\\\/activum.es\\\/2019\\\/03\\\/19\\\/precios-de-la-vivienda-en-espana\\\/\"},\"wordCount\":501,\"publisher\":{\"@id\":\"https:\\\/\\\/activum.es\\\/#organization\"},\"image\":{\"@id\":\"https:\\\/\\\/activum.es\\\/2019\\\/03\\\/19\\\/precios-de-la-vivienda-en-espana\\\/#primaryimage\"},\"thumbnailUrl\":\"https:\\\/\\\/activum.es\\\/wp-content\\\/uploads\\\/2019\\\/03\\\/precios.png\",\"keywords\":[\"consejos de decoraci\u00f3n\",\"decoraci\u00f3n\",\"inmoactivum\",\"pisos reformados\",\"reforma\",\"vivienda\",\"viviendas de segunda mano\",\"viviendas econ\u00f3micas\"],\"articleSection\":[\"Consejos inmobiliarios\",\"Informes Activum\"],\"inLanguage\":\"en-GB\"},{\"@type\":\"WebPage\",\"@id\":\"https:\\\/\\\/activum.es\\\/2019\\\/03\\\/19\\\/precios-de-la-vivienda-en-espana\\\/\",\"url\":\"https:\\\/\\\/activum.es\\\/2019\\\/03\\\/19\\\/precios-de-la-vivienda-en-espana\\\/\",\"name\":\"Los precios de la vivienda en Espa\u00f1a vs Viviendas a menos de 50.000\u20ac\",\"isPartOf\":{\"@id\":\"https:\\\/\\\/activum.es\\\/#website\"},\"primaryImageOfPage\":{\"@id\":\"https:\\\/\\\/activum.es\\\/2019\\\/03\\\/19\\\/precios-de-la-vivienda-en-espana\\\/#primaryimage\"},\"image\":{\"@id\":\"https:\\\/\\\/activum.es\\\/2019\\\/03\\\/19\\\/precios-de-la-vivienda-en-espana\\\/#primaryimage\"},\"thumbnailUrl\":\"https:\\\/\\\/activum.es\\\/wp-content\\\/uploads\\\/2019\\\/03\\\/precios.png\",\"datePublished\":\"2019-03-19T14:32:41+00:00\",\"dateModified\":\"2021-10-24T21:19:37+00:00\",\"description\":\"Frente a la situaci\u00f3n de los precios de la vivienda en Espa\u00f1a desde Activum os ofrecemos una gran cartera de inmuebles a menos de 50.000\u20ac.\",\"breadcrumb\":{\"@id\":\"https:\\\/\\\/activum.es\\\/2019\\\/03\\\/19\\\/precios-de-la-vivienda-en-espana\\\/#breadcrumb\"},\"inLanguage\":\"en-GB\",\"potentialAction\":[{\"@type\":\"ReadAction\",\"target\":[\"https:\\\/\\\/activum.es\\\/2019\\\/03\\\/19\\\/precios-de-la-vivienda-en-espana\\\/\"]}]},{\"@type\":\"ImageObject\",\"inLanguage\":\"en-GB\",\"@id\":\"https:\\\/\\\/activum.es\\\/2019\\\/03\\\/19\\\/precios-de-la-vivienda-en-espana\\\/#primaryimage\",\"url\":\"https:\\\/\\\/activum.es\\\/wp-content\\\/uploads\\\/2019\\\/03\\\/precios.png\",\"contentUrl\":\"https:\\\/\\\/activum.es\\\/wp-content\\\/uploads\\\/2019\\\/03\\\/precios.png\",\"width\":800,\"height\":600},{\"@type\":\"BreadcrumbList\",\"@id\":\"https:\\\/\\\/activum.es\\\/2019\\\/03\\\/19\\\/precios-de-la-vivienda-en-espana\\\/#breadcrumb\",\"itemListElement\":[{\"@type\":\"ListItem\",\"position\":1,\"name\":\"Portada\",\"item\":\"https:\\\/\\\/activum.es\\\/\"},{\"@type\":\"ListItem\",\"position\":2,\"name\":\"Precios de la vivienda en Espa\u00f1a\"}]},{\"@type\":\"WebSite\",\"@id\":\"https:\\\/\\\/activum.es\\\/#website\",\"url\":\"https:\\\/\\\/activum.es\\\/\",\"name\":\"Activum Real Estate Consulting\",\"description\":\"Servicios Inmobiliarios\",\"publisher\":{\"@id\":\"https:\\\/\\\/activum.es\\\/#organization\"},\"alternateName\":\"Activum Real Estate\",\"potentialAction\":[{\"@type\":\"SearchAction\",\"target\":{\"@type\":\"EntryPoint\",\"urlTemplate\":\"https:\\\/\\\/activum.es\\\/?s={search_term_string}\"},\"query-input\":{\"@type\":\"PropertyValueSpecification\",\"valueRequired\":true,\"valueName\":\"search_term_string\"}}],\"inLanguage\":\"en-GB\"},{\"@type\":\"Organization\",\"@id\":\"https:\\\/\\\/activum.es\\\/#organization\",\"name\":\"Activum Real Estate Consulting\",\"alternateName\":\"Activum Real Estate\",\"url\":\"https:\\\/\\\/activum.es\\\/\",\"logo\":{\"@type\":\"ImageObject\",\"inLanguage\":\"en-GB\",\"@id\":\"https:\\\/\\\/activum.es\\\/#\\\/schema\\\/logo\\\/image\\\/\",\"url\":\"https:\\\/\\\/activum.es\\\/wp-content\\\/uploads\\\/2025\\\/04\\\/activum-logo-positve.png\",\"contentUrl\":\"https:\\\/\\\/activum.es\\\/wp-content\\\/uploads\\\/2025\\\/04\\\/activum-logo-positve.png\",\"width\":1464,\"height\":1357,\"caption\":\"Activum Real Estate Consulting\"},\"image\":{\"@id\":\"https:\\\/\\\/activum.es\\\/#\\\/schema\\\/logo\\\/image\\\/\"},\"sameAs\":[\"https:\\\/\\\/www.facebook.com\\\/activumtucasa\\\/\",\"https:\\\/\\\/x.com\\\/Activum_Inmo\",\"https:\\\/\\\/www.instagram.com\\\/activum_?igsh=MTZld3pvdDJscDBwag==\",\"https:\\\/\\\/www.tiktok.com\\\/@activum_\"]},{\"@type\":\"Person\",\"@id\":\"https:\\\/\\\/activum.es\\\/#\\\/schema\\\/person\\\/ef5bcc9bb322a100368c8f5fbb7f72d9\",\"name\":\"Equipo Activum\",\"image\":{\"@type\":\"ImageObject\",\"inLanguage\":\"en-GB\",\"@id\":\"https:\\\/\\\/secure.gravatar.com\\\/avatar\\\/cdb8c6c5384b134c9896010203731ddc9249c7bb1789648b6b88f4f6355cbb53?s=96&d=mm&r=g\",\"url\":\"https:\\\/\\\/secure.gravatar.com\\\/avatar\\\/cdb8c6c5384b134c9896010203731ddc9249c7bb1789648b6b88f4f6355cbb53?s=96&d=mm&r=g\",\"contentUrl\":\"https:\\\/\\\/secure.gravatar.com\\\/avatar\\\/cdb8c6c5384b134c9896010203731ddc9249c7bb1789648b6b88f4f6355cbb53?s=96&d=mm&r=g\",\"caption\":\"Equipo Activum\"}}]}<\/script>\n<!-- \/ Yoast SEO plugin. -->","yoast_head_json":{"title":"Los precios de la vivienda en Espa\u00f1a vs Viviendas a menos de 50.000\u20ac","description":"Frente a la situaci\u00f3n de los precios de la vivienda en Espa\u00f1a desde Activum os ofrecemos una gran cartera de inmuebles a menos de 50.000\u20ac.","robots":{"index":"index","follow":"follow","max-snippet":"max-snippet:-1","max-image-preview":"max-image-preview:large","max-video-preview":"max-video-preview:-1"},"canonical":"https:\/\/activum.es\/en\/2019\/03\/19\/precios-de-la-vivienda-en-espana\/","og_locale":"en_GB","og_type":"article","og_title":"Los precios de la vivienda en Espa\u00f1a vs Viviendas a menos de 50.000\u20ac","og_description":"Frente a la situaci\u00f3n de los precios de la vivienda en Espa\u00f1a desde Activum os ofrecemos una gran cartera de inmuebles a menos de 50.000\u20ac.","og_url":"https:\/\/activum.es\/en\/2019\/03\/19\/precios-de-la-vivienda-en-espana\/","og_site_name":"Activum Real Estate Consulting","article_publisher":"https:\/\/www.facebook.com\/activumtucasa\/","article_published_time":"2019-03-19T14:32:41+00:00","article_modified_time":"2021-10-24T21:19:37+00:00","og_image":[{"width":800,"height":600,"url":"https:\/\/activum.es\/wp-content\/uploads\/2019\/03\/precios.png","type":"image\/png"}],"author":"Equipo Activum","twitter_card":"summary_large_image","twitter_creator":"@Activum_Inmo","twitter_site":"@Activum_Inmo","twitter_misc":{"Written by":"Equipo Activum","Estimated reading time":"2 minutes"},"schema":{"@context":"https:\/\/schema.org","@graph":[{"@type":"Article","@id":"https:\/\/activum.es\/2019\/03\/19\/precios-de-la-vivienda-en-espana\/#article","isPartOf":{"@id":"https:\/\/activum.es\/2019\/03\/19\/precios-de-la-vivienda-en-espana\/"},"author":{"name":"Equipo Activum","@id":"https:\/\/activum.es\/#\/schema\/person\/ef5bcc9bb322a100368c8f5fbb7f72d9"},"headline":"Precios de la vivienda en Espa\u00f1a","datePublished":"2019-03-19T14:32:41+00:00","dateModified":"2021-10-24T21:19:37+00:00","mainEntityOfPage":{"@id":"https:\/\/activum.es\/2019\/03\/19\/precios-de-la-vivienda-en-espana\/"},"wordCount":501,"publisher":{"@id":"https:\/\/activum.es\/#organization"},"image":{"@id":"https:\/\/activum.es\/2019\/03\/19\/precios-de-la-vivienda-en-espana\/#primaryimage"},"thumbnailUrl":"https:\/\/activum.es\/wp-content\/uploads\/2019\/03\/precios.png","keywords":["consejos de decoraci\u00f3n","decoraci\u00f3n","inmoactivum","pisos reformados","reforma","vivienda","viviendas de segunda mano","viviendas econ\u00f3micas"],"articleSection":["Consejos inmobiliarios","Informes Activum"],"inLanguage":"en-GB"},{"@type":"WebPage","@id":"https:\/\/activum.es\/2019\/03\/19\/precios-de-la-vivienda-en-espana\/","url":"https:\/\/activum.es\/2019\/03\/19\/precios-de-la-vivienda-en-espana\/","name":"Los precios de la vivienda en Espa\u00f1a vs Viviendas a menos de 50.000\u20ac","isPartOf":{"@id":"https:\/\/activum.es\/#website"},"primaryImageOfPage":{"@id":"https:\/\/activum.es\/2019\/03\/19\/precios-de-la-vivienda-en-espana\/#primaryimage"},"image":{"@id":"https:\/\/activum.es\/2019\/03\/19\/precios-de-la-vivienda-en-espana\/#primaryimage"},"thumbnailUrl":"https:\/\/activum.es\/wp-content\/uploads\/2019\/03\/precios.png","datePublished":"2019-03-19T14:32:41+00:00","dateModified":"2021-10-24T21:19:37+00:00","description":"Frente a la situaci\u00f3n de los precios de la vivienda en Espa\u00f1a desde Activum os ofrecemos una gran cartera de inmuebles a menos de 50.000\u20ac.","breadcrumb":{"@id":"https:\/\/activum.es\/2019\/03\/19\/precios-de-la-vivienda-en-espana\/#breadcrumb"},"inLanguage":"en-GB","potentialAction":[{"@type":"ReadAction","target":["https:\/\/activum.es\/2019\/03\/19\/precios-de-la-vivienda-en-espana\/"]}]},{"@type":"ImageObject","inLanguage":"en-GB","@id":"https:\/\/activum.es\/2019\/03\/19\/precios-de-la-vivienda-en-espana\/#primaryimage","url":"https:\/\/activum.es\/wp-content\/uploads\/2019\/03\/precios.png","contentUrl":"https:\/\/activum.es\/wp-content\/uploads\/2019\/03\/precios.png","width":800,"height":600},{"@type":"BreadcrumbList","@id":"https:\/\/activum.es\/2019\/03\/19\/precios-de-la-vivienda-en-espana\/#breadcrumb","itemListElement":[{"@type":"ListItem","position":1,"name":"Portada","item":"https:\/\/activum.es\/"},{"@type":"ListItem","position":2,"name":"Precios de la vivienda en Espa\u00f1a"}]},{"@type":"WebSite","@id":"https:\/\/activum.es\/#website","url":"https:\/\/activum.es\/","name":"Activum Real Estate Consulting","description":"Servicios Inmobiliarios","publisher":{"@id":"https:\/\/activum.es\/#organization"},"alternateName":"Activum Real Estate","potentialAction":[{"@type":"SearchAction","target":{"@type":"EntryPoint","urlTemplate":"https:\/\/activum.es\/?s={search_term_string}"},"query-input":{"@type":"PropertyValueSpecification","valueRequired":true,"valueName":"search_term_string"}}],"inLanguage":"en-GB"},{"@type":"Organization","@id":"https:\/\/activum.es\/#organization","name":"Activum Real Estate Consulting","alternateName":"Activum Real Estate","url":"https:\/\/activum.es\/","logo":{"@type":"ImageObject","inLanguage":"en-GB","@id":"https:\/\/activum.es\/#\/schema\/logo\/image\/","url":"https:\/\/activum.es\/wp-content\/uploads\/2025\/04\/activum-logo-positve.png","contentUrl":"https:\/\/activum.es\/wp-content\/uploads\/2025\/04\/activum-logo-positve.png","width":1464,"height":1357,"caption":"Activum Real Estate Consulting"},"image":{"@id":"https:\/\/activum.es\/#\/schema\/logo\/image\/"},"sameAs":["https:\/\/www.facebook.com\/activumtucasa\/","https:\/\/x.com\/Activum_Inmo","https:\/\/www.instagram.com\/activum_?igsh=MTZld3pvdDJscDBwag==","https:\/\/www.tiktok.com\/@activum_"]},{"@type":"Person","@id":"https:\/\/activum.es\/#\/schema\/person\/ef5bcc9bb322a100368c8f5fbb7f72d9","name":"Activum Team","image":{"@type":"ImageObject","inLanguage":"en-GB","@id":"https:\/\/secure.gravatar.com\/avatar\/cdb8c6c5384b134c9896010203731ddc9249c7bb1789648b6b88f4f6355cbb53?s=96&d=mm&r=g","url":"https:\/\/secure.gravatar.com\/avatar\/cdb8c6c5384b134c9896010203731ddc9249c7bb1789648b6b88f4f6355cbb53?s=96&d=mm&r=g","contentUrl":"https:\/\/secure.gravatar.com\/avatar\/cdb8c6c5384b134c9896010203731ddc9249c7bb1789648b6b88f4f6355cbb53?s=96&d=mm&r=g","caption":"Equipo Activum"}}]}},"_links":{"self":[{"href":"https:\/\/activum.es\/en\/wp-json\/wp\/v2\/posts\/6083","targetHints":{"allow":["GET"]}}],"collection":[{"href":"https:\/\/activum.es\/en\/wp-json\/wp\/v2\/posts"}],"about":[{"href":"https:\/\/activum.es\/en\/wp-json\/wp\/v2\/types\/post"}],"author":[{"embeddable":true,"href":"https:\/\/activum.es\/en\/wp-json\/wp\/v2\/users\/8"}],"replies":[{"embeddable":true,"href":"https:\/\/activum.es\/en\/wp-json\/wp\/v2\/comments?post=6083"}],"version-history":[{"count":0,"href":"https:\/\/activum.es\/en\/wp-json\/wp\/v2\/posts\/6083\/revisions"}],"wp:featuredmedia":[{"embeddable":true,"href":"https:\/\/activum.es\/en\/wp-json\/wp\/v2\/media\/6997"}],"wp:attachment":[{"href":"https:\/\/activum.es\/en\/wp-json\/wp\/v2\/media?parent=6083"}],"wp:term":[{"taxonomy":"category","embeddable":true,"href":"https:\/\/activum.es\/en\/wp-json\/wp\/v2\/categories?post=6083"},{"taxonomy":"post_tag","embeddable":true,"href":"https:\/\/activum.es\/en\/wp-json\/wp\/v2\/tags?post=6083"},{"taxonomy":"anio","embeddable":true,"href":"https:\/\/activum.es\/en\/wp-json\/wp\/v2\/anio?post=6083"}],"curies":[{"name":"wp","href":"https:\/\/api.w.org\/{rel}","templated":true}]}}